{"id":12945,"date":"2017-11-21T13:00:40","date_gmt":"2017-11-21T12:00:40","guid":{"rendered":"https:\/\/turisme.mutxamel.org\/2017\/11\/21\/campanya-promocional-mutxamel-turisme-en-xarxes-socials-compartiu-mutxamel-compartiu-mutxamel-en-mutxamelturismo\/"},"modified":"2026-04-27T03:04:32","modified_gmt":"2026-04-27T01:04:32","slug":"campanya-promocional-mutxamel-turisme-en-xarxes-socials-compartiu-mutxamel-compartiu-mutxamel-en-mutxamelturismo","status":"publish","type":"post","link":"https:\/\/turisme.mutxamel.org\/ca\/campanya-promocional-mutxamel-turisme-en-xarxes-socials-compartiu-mutxamel-compartiu-mutxamel-en-mutxamelturismo\/","title":{"rendered":"CAMPANYA PROMOCIONAL MUTXAMEL TURISME EN XARXES SOCIALS \u201cCOMPARTIU MUTXAMEL\u201d COMPARTIU MUTXAMEL en @MutxamelTurismo"},"content":{"rendered":"<p>07\/11\/2017<\/p>\n<p>Durant el mes de novembre la Regidoria de Turisme de Mutxamel llan\u00e7a una campanya promocional del municipi entre els seus usuaris de les xarxes socials amb l\u00b4objectiu de difondre el patrimoni mutxameler.<\/p>\n<p>Els usuaris compartiran les seues imatges amb Mutxamel Turisme des de Facebook i Instagram @MutxamelTurismo i #MutxamelTurismo.<\/p>\n<p>https:\/\/www.facebook.com\/mutxamelturismo\/<br \/>\nhttps:\/\/www.instagram.com\/mutxamelturismo\/<\/p>\n<p>La campanya incita els usuaris de Facebook i Instagram a participar i compartir les seues imatges dels recursos tur\u00edstics que m\u00e9s els agraden: S\u00ed, s\u00ed,&#8230; a tu que t\u00b4agrada caminar, passejar, gaudir de la vida&#8230;. trau el m\u00f2bil i compartix amb @MutxamelTurismo la imatge que m\u00e9s t\u00b4agrade. Perqu\u00e8 sabem que hi ha llocs especials, detalls que t\u00b4enamoren, moments inoblidables en aquells racons i espais que et fan sentir Mutxamel.<\/p>\n<p>Et deixem idees en les normes de participaci\u00f3.<\/p>\n<p>La vostra participaci\u00f3 t\u00e9 un obsequi segur.<\/p>\n<p>Normes de participaci\u00f3.<\/p>\n<p>Per a participar, simplement, heu de ser fan de la nostra p\u00e0gina de Facebook o Instagram MutxamelTurismo, compartir les vostres imatges de Mutxamel sobre els recursos tur\u00edstics, patrimonials, culturals, espais d\u00b4oci i naturalesa i en les visites teatralizadas i infantils i etiquetar-nos amb @MutxamelTurismo i #MutxamelTurismo en Facebook o Instagram fins al 30 de novembre del 2017.<\/p>\n<p>Temes relacionats amb la campanya:<br \/>\nEsgl\u00e9sia El Salvador.<br \/>\nParcs i places de Mutxamel.<br \/>\nCases arquitectura tradicional, cases de l\u00b4Horta.<br \/>\nTorres de l\u00b4Horta.<br \/>\nErmites: Sant Antoni, el Calvari, Montserrat,  Sant Peret i  Convent de Sant Francesc.<br \/>\nBarri del Ravalet i Poble Nou.<br \/>\nJardins de Penya-serrada.<br \/>\nEscultures d\u00b4Arcadi Blasco.<br \/>\nMuseu d\u00b4Art Bizant\u00ed.<br \/>\nPasseig de la Constituci\u00f3.<br \/>\nAssut de Mutxamel i Sant Joan<br \/>\nGastronomia<br \/>\nLlocs amb encant<br \/>\nMoments de desconnexi\u00f3 per Mutxamel<\/p>\n<p>La manera d\u00b4enviament de les imatges ser\u00e0 mitjan\u00e7ant Facebook o Instagram de la forma que es detalla a continuaci\u00f3: el participant pujar\u00e0 una imatge, sobre els temes esmentats anteriorment, a Facebook o Instagram i els etiquetar\u00e0 amb @MutxamelTurismo i amb el #MutxamelTurismo. Una volta publicada la imatge per l\u00b4usuari li enviarem un missatge per privat perqu\u00e8 ens envie les seues dades personals i la imatge publicada. Necessitem les dades personals per a demostrar l\u00b4autenticitat dels comptes aix\u00ed com per a poder donar-los el seu obsequi per participar. Podran participar totes les persones que ho desitgen, excepte treballadors de la Regidoria de Turisme de Mutxamel. Totes les imatges arreplegades seran exhibides en l\u00b4estand de l\u00b4Ajuntament de Mutxamel-Tourist Info Mutxamel en la Mostra d\u00b4empreses i Fira de Nadal, els dies 16 i 17 de desembre. Totes les persones que participen rebran un obsequi com a agra\u00efment per  participar. No obstant a\u00e7\u00f2, es donar\u00e0 un obsequi per persona, independentment del nombre d\u00b4imatges publicades i de comptes utilitzats per aquesta. L\u00b4obsequi ser\u00e0 lliurat a tots els participants en  l\u00b4estand de la Tourist Info-Ajuntament Mutxamel durant la Mostra d\u00b4empreses i Fira de Nadal. Es convocar\u00e0 a tots els participants de la campanya per al lliurament de l\u00b4obsequi. Les imatges quedaran en propietat de la Regidoria de Turisme per a poder disposar-ne per a finalitats publicit\u00e0ries, esdeveniments, v\u00eddeos o qualsevol escenari, sense que a\u00e7\u00f2 supose una contraprestaci\u00f3 de cap \u00e0mbit. La Regidoria de Turisme de Mutxamel no es fa responsable de les dades o fotografies facilitades pels participants. \u00c9s a dir, no es fa responsable d\u00b4autenticitat de l\u00b4autoria de la fotografia. Les imatges han d\u00b4estar relacionades amb els temes proposats en la campanya promocional, at\u00e9s que si no s\u00b4ajusten a les normes de participaci\u00f3 la seua imatge s\u00b4eliminar\u00e0 i no formar\u00e0 part de la campanya promocional. Aix\u00ed com aquelles imatges que perjudiquen la imatge tur\u00edstica de la destinaci\u00f3, tinguen contingut pornogr\u00e0fic, degradant, violent, vexatori o que, en general, siga contrari a la moral p\u00fablica. La participaci\u00f3 en aquesta campanya promocional implica la total acceptaci\u00f3 d\u00b4aquestes normes de participaci\u00f3. Per a qualsevol dubte, q\u00fcesti\u00f3 o aclariment poden enviar un missatge privat per Facebook MutxamelTurismo.<\/p>\n","protected":false},"excerpt":{"rendered":"<p>07\/11\/2017 Durant el mes de novembre la Regidoria de Turisme de Mutxamel llan\u00e7a una campanya promocional del municipi entre els seus usuaris de les xarxes socials amb l\u00b4objectiu de difondre el patrimoni mutxameler. Els usuaris compartiran les seues imatges amb Mutxamel Turisme des de Facebook i Instagram @MutxamelTurismo i #MutxamelTurismo. https:\/\/www.facebook.com\/mutxamelturismo\/ https:\/\/www.instagram.com\/mutxamelturismo\/ La campanya incita&#8230;<\/p>\n","protected":false},"author":5,"featured_media":12430,"comment_status":"closed","ping_status":"closed","sticky":false,"template":"","format":"standard","meta":{"footnotes":""},"categories":[46,35],"tags":[],"class_list":["post-12945","post","type-post","status-publish","format-standard","has-post-thumbnail","hentry","category-turisme","category-turismo"],"yoast_head":"<!-- This site is optimized with the Yoast SEO plugin v27.2 - https:\/\/yoast.com\/product\/yoast-seo-wordpress\/ -->\n<title>CAMPANYA PROMOCIONAL MUTXAMEL TURISME EN XARXES SOCIALS \u201cCOMPARTIU MUTXAMEL\u201d COMPARTIU MUTXAMEL en @MutxamelTurismo - Turismo Mutxamel<\/title>\n<meta name=\"robots\" content=\"index, follow, max-snippet:-1, max-image-preview:large, max-video-preview:-1\" \/>\n<link rel=\"canonical\" href=\"https:\/\/turisme.mutxamel.org\/ca\/campanya-promocional-mutxamel-turisme-en-xarxes-socials-compartiu-mutxamel-compartiu-mutxamel-en-mutxamelturismo\/\" \/>\n<meta property=\"og:locale\" content=\"ca_ES\" \/>\n<meta property=\"og:type\" content=\"article\" \/>\n<meta property=\"og:title\" content=\"CAMPANYA PROMOCIONAL MUTXAMEL TURISME EN XARXES SOCIALS \u201cCOMPARTIU MUTXAMEL\u201d COMPARTIU MUTXAMEL en @MutxamelTurismo - Turismo Mutxamel\" \/>\n<meta property=\"og:description\" content=\"07\/11\/2017 Durant el mes de novembre la Regidoria de Turisme de Mutxamel llan\u00e7a una campanya promocional del municipi entre els seus usuaris de les xarxes socials amb l\u00b4objectiu de difondre el patrimoni mutxameler. Els usuaris compartiran les seues imatges amb Mutxamel Turisme des de Facebook i Instagram @MutxamelTurismo i #MutxamelTurismo. https:\/\/www.facebook.com\/mutxamelturismo\/ https:\/\/www.instagram.com\/mutxamelturismo\/ La campanya incita...\" \/>\n<meta property=\"og:url\" content=\"https:\/\/turisme.mutxamel.org\/ca\/campanya-promocional-mutxamel-turisme-en-xarxes-socials-compartiu-mutxamel-compartiu-mutxamel-en-mutxamelturismo\/\" \/>\n<meta property=\"og:site_name\" content=\"Turismo Mutxamel\" \/>\n<meta property=\"article:publisher\" content=\"https:\/\/www.facebook.com\/mutxamelturismo\" \/>\n<meta property=\"article:published_time\" content=\"2017-11-21T12:00:40+00:00\" \/>\n<meta property=\"article:modified_time\" content=\"2026-04-27T01:04:32+00:00\" \/>\n<meta property=\"og:image\" content=\"https:\/\/turisme.mutxamel.org\/wp-content\/uploads\/2023\/11\/CAMPANA-PROMOCIONAL-MUTXAMEL-TURISMO-EN-REDES-SOCIALES.jpg\" \/>\n\t<meta property=\"og:image:width\" content=\"300\" \/>\n\t<meta property=\"og:image:height\" content=\"200\" \/>\n\t<meta property=\"og:image:type\" content=\"image\/jpeg\" \/>\n<meta name=\"author\" content=\"Ayuntamiento Mutxamel\" \/>\n<meta name=\"twitter:card\" content=\"summary_large_image\" \/>\n<meta name=\"twitter:label1\" content=\"Escrit per\" \/>\n\t<meta name=\"twitter:data1\" content=\"Ayuntamiento Mutxamel\" \/>\n\t<meta name=\"twitter:label2\" content=\"Temps estimat de lectura\" \/>\n\t<meta name=\"twitter:data2\" content=\"3 minuts\" \/>\n<script type=\"application\/ld+json\" class=\"yoast-schema-graph\">{\"@context\":\"https:\/\/schema.org\",\"@graph\":[{\"@type\":\"Article\",\"@id\":\"https:\/\/turisme.mutxamel.org\/ca\/campanya-promocional-mutxamel-turisme-en-xarxes-socials-compartiu-mutxamel-compartiu-mutxamel-en-mutxamelturismo\/#article\",\"isPartOf\":{\"@id\":\"https:\/\/turisme.mutxamel.org\/ca\/campanya-promocional-mutxamel-turisme-en-xarxes-socials-compartiu-mutxamel-compartiu-mutxamel-en-mutxamelturismo\/\"},\"author\":{\"name\":\"Ayuntamiento Mutxamel\",\"@id\":\"https:\/\/turisme.mutxamel.org\/ca\/#\/schema\/person\/d1f50c20035a7b1ec39d6c100cde2178\"},\"headline\":\"CAMPANYA PROMOCIONAL MUTXAMEL TURISME EN XARXES SOCIALS \u201cCOMPARTIU MUTXAMEL\u201d COMPARTIU MUTXAMEL en @MutxamelTurismo\",\"datePublished\":\"2017-11-21T12:00:40+00:00\",\"dateModified\":\"2026-04-27T01:04:32+00:00\",\"mainEntityOfPage\":{\"@id\":\"https:\/\/turisme.mutxamel.org\/ca\/campanya-promocional-mutxamel-turisme-en-xarxes-socials-compartiu-mutxamel-compartiu-mutxamel-en-mutxamelturismo\/\"},\"wordCount\":681,\"publisher\":{\"@id\":\"https:\/\/turisme.mutxamel.org\/ca\/#organization\"},\"image\":{\"@id\":\"https:\/\/turisme.mutxamel.org\/ca\/campanya-promocional-mutxamel-turisme-en-xarxes-socials-compartiu-mutxamel-compartiu-mutxamel-en-mutxamelturismo\/#primaryimage\"},\"thumbnailUrl\":\"https:\/\/turisme.mutxamel.org\/wp-content\/uploads\/2023\/11\/CAMPANA-PROMOCIONAL-MUTXAMEL-TURISMO-EN-REDES-SOCIALES.jpg\",\"articleSection\":[\"Turisme\",\"Turismo\"],\"inLanguage\":\"ca\"},{\"@type\":\"WebPage\",\"@id\":\"https:\/\/turisme.mutxamel.org\/ca\/campanya-promocional-mutxamel-turisme-en-xarxes-socials-compartiu-mutxamel-compartiu-mutxamel-en-mutxamelturismo\/\",\"url\":\"https:\/\/turisme.mutxamel.org\/ca\/campanya-promocional-mutxamel-turisme-en-xarxes-socials-compartiu-mutxamel-compartiu-mutxamel-en-mutxamelturismo\/\",\"name\":\"CAMPANYA PROMOCIONAL MUTXAMEL TURISME EN XARXES SOCIALS \u201cCOMPARTIU MUTXAMEL\u201d COMPARTIU MUTXAMEL en @MutxamelTurismo - Turismo Mutxamel\",\"isPartOf\":{\"@id\":\"https:\/\/turisme.mutxamel.org\/ca\/#website\"},\"primaryImageOfPage\":{\"@id\":\"https:\/\/turisme.mutxamel.org\/ca\/campanya-promocional-mutxamel-turisme-en-xarxes-socials-compartiu-mutxamel-compartiu-mutxamel-en-mutxamelturismo\/#primaryimage\"},\"image\":{\"@id\":\"https:\/\/turisme.mutxamel.org\/ca\/campanya-promocional-mutxamel-turisme-en-xarxes-socials-compartiu-mutxamel-compartiu-mutxamel-en-mutxamelturismo\/#primaryimage\"},\"thumbnailUrl\":\"https:\/\/turisme.mutxamel.org\/wp-content\/uploads\/2023\/11\/CAMPANA-PROMOCIONAL-MUTXAMEL-TURISMO-EN-REDES-SOCIALES.jpg\",\"datePublished\":\"2017-11-21T12:00:40+00:00\",\"dateModified\":\"2026-04-27T01:04:32+00:00\",\"breadcrumb\":{\"@id\":\"https:\/\/turisme.mutxamel.org\/ca\/campanya-promocional-mutxamel-turisme-en-xarxes-socials-compartiu-mutxamel-compartiu-mutxamel-en-mutxamelturismo\/#breadcrumb\"},\"inLanguage\":\"ca\",\"potentialAction\":[{\"@type\":\"ReadAction\",\"target\":[\"https:\/\/turisme.mutxamel.org\/ca\/campanya-promocional-mutxamel-turisme-en-xarxes-socials-compartiu-mutxamel-compartiu-mutxamel-en-mutxamelturismo\/\"]}]},{\"@type\":\"ImageObject\",\"inLanguage\":\"ca\",\"@id\":\"https:\/\/turisme.mutxamel.org\/ca\/campanya-promocional-mutxamel-turisme-en-xarxes-socials-compartiu-mutxamel-compartiu-mutxamel-en-mutxamelturismo\/#primaryimage\",\"url\":\"https:\/\/turisme.mutxamel.org\/wp-content\/uploads\/2023\/11\/CAMPANA-PROMOCIONAL-MUTXAMEL-TURISMO-EN-REDES-SOCIALES.jpg\",\"contentUrl\":\"https:\/\/turisme.mutxamel.org\/wp-content\/uploads\/2023\/11\/CAMPANA-PROMOCIONAL-MUTXAMEL-TURISMO-EN-REDES-SOCIALES.jpg\",\"width\":300,\"height\":200},{\"@type\":\"BreadcrumbList\",\"@id\":\"https:\/\/turisme.mutxamel.org\/ca\/campanya-promocional-mutxamel-turisme-en-xarxes-socials-compartiu-mutxamel-compartiu-mutxamel-en-mutxamelturismo\/#breadcrumb\",\"itemListElement\":[{\"@type\":\"ListItem\",\"position\":1,\"name\":\"Portada\",\"item\":\"https:\/\/turisme.mutxamel.org\/ca\/inicio\/\"},{\"@type\":\"ListItem\",\"position\":2,\"name\":\"CAMPANYA PROMOCIONAL MUTXAMEL TURISME EN XARXES SOCIALS \u201cCOMPARTIU MUTXAMEL\u201d COMPARTIU MUTXAMEL en @MutxamelTurismo\"}]},{\"@type\":\"WebSite\",\"@id\":\"https:\/\/turisme.mutxamel.org\/ca\/#website\",\"url\":\"https:\/\/turisme.mutxamel.org\/ca\/\",\"name\":\"Turismo Mutxamel\",\"description\":\"\",\"publisher\":{\"@id\":\"https:\/\/turisme.mutxamel.org\/ca\/#organization\"},\"potentialAction\":[{\"@type\":\"SearchAction\",\"target\":{\"@type\":\"EntryPoint\",\"urlTemplate\":\"https:\/\/turisme.mutxamel.org\/ca\/?s={search_term_string}\"},\"query-input\":{\"@type\":\"PropertyValueSpecification\",\"valueRequired\":true,\"valueName\":\"search_term_string\"}}],\"inLanguage\":\"ca\"},{\"@type\":\"Organization\",\"@id\":\"https:\/\/turisme.mutxamel.org\/ca\/#organization\",\"name\":\"Turismo Mutxamel\",\"url\":\"https:\/\/turisme.mutxamel.org\/ca\/\",\"logo\":{\"@type\":\"ImageObject\",\"inLanguage\":\"ca\",\"@id\":\"https:\/\/turisme.mutxamel.org\/ca\/#\/schema\/logo\/image\/\",\"url\":\"https:\/\/turisme.mutxamel.org\/wp-content\/uploads\/2024\/01\/logo-turismo-mutxamel.jpg\",\"contentUrl\":\"https:\/\/turisme.mutxamel.org\/wp-content\/uploads\/2024\/01\/logo-turismo-mutxamel.jpg\",\"width\":195,\"height\":81,\"caption\":\"Turismo Mutxamel\"},\"image\":{\"@id\":\"https:\/\/turisme.mutxamel.org\/ca\/#\/schema\/logo\/image\/\"},\"sameAs\":[\"https:\/\/www.facebook.com\/mutxamelturismo\",\"https:\/\/www.instagram.com\/mutxamelturismo\/\",\"https:\/\/www.youtube.com\/aytomutxamel\"]},{\"@type\":\"Person\",\"@id\":\"https:\/\/turisme.mutxamel.org\/ca\/#\/schema\/person\/d1f50c20035a7b1ec39d6c100cde2178\",\"name\":\"Ayuntamiento Mutxamel\",\"url\":\"https:\/\/turisme.mutxamel.org\/ca\/author\/ayuntamiento-mutxamel\/\"}]}<\/script>\n<!-- \/ Yoast SEO plugin. -->","yoast_head_json":{"title":"CAMPANYA PROMOCIONAL MUTXAMEL TURISME EN XARXES SOCIALS \u201cCOMPARTIU MUTXAMEL\u201d COMPARTIU MUTXAMEL en @MutxamelTurismo - Turismo Mutxamel","robots":{"index":"index","follow":"follow","max-snippet":"max-snippet:-1","max-image-preview":"max-image-preview:large","max-video-preview":"max-video-preview:-1"},"canonical":"https:\/\/turisme.mutxamel.org\/ca\/campanya-promocional-mutxamel-turisme-en-xarxes-socials-compartiu-mutxamel-compartiu-mutxamel-en-mutxamelturismo\/","og_locale":"ca_ES","og_type":"article","og_title":"CAMPANYA PROMOCIONAL MUTXAMEL TURISME EN XARXES SOCIALS \u201cCOMPARTIU MUTXAMEL\u201d COMPARTIU MUTXAMEL en @MutxamelTurismo - Turismo Mutxamel","og_description":"07\/11\/2017 Durant el mes de novembre la Regidoria de Turisme de Mutxamel llan\u00e7a una campanya promocional del municipi entre els seus usuaris de les xarxes socials amb l\u00b4objectiu de difondre el patrimoni mutxameler. Els usuaris compartiran les seues imatges amb Mutxamel Turisme des de Facebook i Instagram @MutxamelTurismo i #MutxamelTurismo. https:\/\/www.facebook.com\/mutxamelturismo\/ https:\/\/www.instagram.com\/mutxamelturismo\/ La campanya incita...","og_url":"https:\/\/turisme.mutxamel.org\/ca\/campanya-promocional-mutxamel-turisme-en-xarxes-socials-compartiu-mutxamel-compartiu-mutxamel-en-mutxamelturismo\/","og_site_name":"Turismo Mutxamel","article_publisher":"https:\/\/www.facebook.com\/mutxamelturismo","article_published_time":"2017-11-21T12:00:40+00:00","article_modified_time":"2026-04-27T01:04:32+00:00","og_image":[{"width":300,"height":200,"url":"https:\/\/turisme.mutxamel.org\/wp-content\/uploads\/2023\/11\/CAMPANA-PROMOCIONAL-MUTXAMEL-TURISMO-EN-REDES-SOCIALES.jpg","type":"image\/jpeg"}],"author":"Ayuntamiento Mutxamel","twitter_card":"summary_large_image","twitter_misc":{"Escrit per":"Ayuntamiento Mutxamel","Temps estimat de lectura":"3 minuts"},"schema":{"@context":"https:\/\/schema.org","@graph":[{"@type":"Article","@id":"https:\/\/turisme.mutxamel.org\/ca\/campanya-promocional-mutxamel-turisme-en-xarxes-socials-compartiu-mutxamel-compartiu-mutxamel-en-mutxamelturismo\/#article","isPartOf":{"@id":"https:\/\/turisme.mutxamel.org\/ca\/campanya-promocional-mutxamel-turisme-en-xarxes-socials-compartiu-mutxamel-compartiu-mutxamel-en-mutxamelturismo\/"},"author":{"name":"Ayuntamiento Mutxamel","@id":"https:\/\/turisme.mutxamel.org\/ca\/#\/schema\/person\/d1f50c20035a7b1ec39d6c100cde2178"},"headline":"CAMPANYA PROMOCIONAL MUTXAMEL TURISME EN XARXES SOCIALS \u201cCOMPARTIU MUTXAMEL\u201d COMPARTIU MUTXAMEL en @MutxamelTurismo","datePublished":"2017-11-21T12:00:40+00:00","dateModified":"2026-04-27T01:04:32+00:00","mainEntityOfPage":{"@id":"https:\/\/turisme.mutxamel.org\/ca\/campanya-promocional-mutxamel-turisme-en-xarxes-socials-compartiu-mutxamel-compartiu-mutxamel-en-mutxamelturismo\/"},"wordCount":681,"publisher":{"@id":"https:\/\/turisme.mutxamel.org\/ca\/#organization"},"image":{"@id":"https:\/\/turisme.mutxamel.org\/ca\/campanya-promocional-mutxamel-turisme-en-xarxes-socials-compartiu-mutxamel-compartiu-mutxamel-en-mutxamelturismo\/#primaryimage"},"thumbnailUrl":"https:\/\/turisme.mutxamel.org\/wp-content\/uploads\/2023\/11\/CAMPANA-PROMOCIONAL-MUTXAMEL-TURISMO-EN-REDES-SOCIALES.jpg","articleSection":["Turisme","Turismo"],"inLanguage":"ca"},{"@type":"WebPage","@id":"https:\/\/turisme.mutxamel.org\/ca\/campanya-promocional-mutxamel-turisme-en-xarxes-socials-compartiu-mutxamel-compartiu-mutxamel-en-mutxamelturismo\/","url":"https:\/\/turisme.mutxamel.org\/ca\/campanya-promocional-mutxamel-turisme-en-xarxes-socials-compartiu-mutxamel-compartiu-mutxamel-en-mutxamelturismo\/","name":"CAMPANYA PROMOCIONAL MUTXAMEL TURISME EN XARXES SOCIALS \u201cCOMPARTIU MUTXAMEL\u201d COMPARTIU MUTXAMEL en @MutxamelTurismo - Turismo Mutxamel","isPartOf":{"@id":"https:\/\/turisme.mutxamel.org\/ca\/#website"},"primaryImageOfPage":{"@id":"https:\/\/turisme.mutxamel.org\/ca\/campanya-promocional-mutxamel-turisme-en-xarxes-socials-compartiu-mutxamel-compartiu-mutxamel-en-mutxamelturismo\/#primaryimage"},"image":{"@id":"https:\/\/turisme.mutxamel.org\/ca\/campanya-promocional-mutxamel-turisme-en-xarxes-socials-compartiu-mutxamel-compartiu-mutxamel-en-mutxamelturismo\/#primaryimage"},"thumbnailUrl":"https:\/\/turisme.mutxamel.org\/wp-content\/uploads\/2023\/11\/CAMPANA-PROMOCIONAL-MUTXAMEL-TURISMO-EN-REDES-SOCIALES.jpg","datePublished":"2017-11-21T12:00:40+00:00","dateModified":"2026-04-27T01:04:32+00:00","breadcrumb":{"@id":"https:\/\/turisme.mutxamel.org\/ca\/campanya-promocional-mutxamel-turisme-en-xarxes-socials-compartiu-mutxamel-compartiu-mutxamel-en-mutxamelturismo\/#breadcrumb"},"inLanguage":"ca","potentialAction":[{"@type":"ReadAction","target":["https:\/\/turisme.mutxamel.org\/ca\/campanya-promocional-mutxamel-turisme-en-xarxes-socials-compartiu-mutxamel-compartiu-mutxamel-en-mutxamelturismo\/"]}]},{"@type":"ImageObject","inLanguage":"ca","@id":"https:\/\/turisme.mutxamel.org\/ca\/campanya-promocional-mutxamel-turisme-en-xarxes-socials-compartiu-mutxamel-compartiu-mutxamel-en-mutxamelturismo\/#primaryimage","url":"https:\/\/turisme.mutxamel.org\/wp-content\/uploads\/2023\/11\/CAMPANA-PROMOCIONAL-MUTXAMEL-TURISMO-EN-REDES-SOCIALES.jpg","contentUrl":"https:\/\/turisme.mutxamel.org\/wp-content\/uploads\/2023\/11\/CAMPANA-PROMOCIONAL-MUTXAMEL-TURISMO-EN-REDES-SOCIALES.jpg","width":300,"height":200},{"@type":"BreadcrumbList","@id":"https:\/\/turisme.mutxamel.org\/ca\/campanya-promocional-mutxamel-turisme-en-xarxes-socials-compartiu-mutxamel-compartiu-mutxamel-en-mutxamelturismo\/#breadcrumb","itemListElement":[{"@type":"ListItem","position":1,"name":"Portada","item":"https:\/\/turisme.mutxamel.org\/ca\/inicio\/"},{"@type":"ListItem","position":2,"name":"CAMPANYA PROMOCIONAL MUTXAMEL TURISME EN XARXES SOCIALS \u201cCOMPARTIU MUTXAMEL\u201d COMPARTIU MUTXAMEL en @MutxamelTurismo"}]},{"@type":"WebSite","@id":"https:\/\/turisme.mutxamel.org\/ca\/#website","url":"https:\/\/turisme.mutxamel.org\/ca\/","name":"Turismo Mutxamel","description":"","publisher":{"@id":"https:\/\/turisme.mutxamel.org\/ca\/#organization"},"potentialAction":[{"@type":"SearchAction","target":{"@type":"EntryPoint","urlTemplate":"https:\/\/turisme.mutxamel.org\/ca\/?s={search_term_string}"},"query-input":{"@type":"PropertyValueSpecification","valueRequired":true,"valueName":"search_term_string"}}],"inLanguage":"ca"},{"@type":"Organization","@id":"https:\/\/turisme.mutxamel.org\/ca\/#organization","name":"Turismo Mutxamel","url":"https:\/\/turisme.mutxamel.org\/ca\/","logo":{"@type":"ImageObject","inLanguage":"ca","@id":"https:\/\/turisme.mutxamel.org\/ca\/#\/schema\/logo\/image\/","url":"https:\/\/turisme.mutxamel.org\/wp-content\/uploads\/2024\/01\/logo-turismo-mutxamel.jpg","contentUrl":"https:\/\/turisme.mutxamel.org\/wp-content\/uploads\/2024\/01\/logo-turismo-mutxamel.jpg","width":195,"height":81,"caption":"Turismo Mutxamel"},"image":{"@id":"https:\/\/turisme.mutxamel.org\/ca\/#\/schema\/logo\/image\/"},"sameAs":["https:\/\/www.facebook.com\/mutxamelturismo","https:\/\/www.instagram.com\/mutxamelturismo\/","https:\/\/www.youtube.com\/aytomutxamel"]},{"@type":"Person","@id":"https:\/\/turisme.mutxamel.org\/ca\/#\/schema\/person\/d1f50c20035a7b1ec39d6c100cde2178","name":"Ayuntamiento Mutxamel","url":"https:\/\/turisme.mutxamel.org\/ca\/author\/ayuntamiento-mutxamel\/"}]}},"_links":{"self":[{"href":"https:\/\/turisme.mutxamel.org\/ca\/wp-json\/wp\/v2\/posts\/12945","targetHints":{"allow":["GET"]}}],"collection":[{"href":"https:\/\/turisme.mutxamel.org\/ca\/wp-json\/wp\/v2\/posts"}],"about":[{"href":"https:\/\/turisme.mutxamel.org\/ca\/wp-json\/wp\/v2\/types\/post"}],"author":[{"embeddable":true,"href":"https:\/\/turisme.mutxamel.org\/ca\/wp-json\/wp\/v2\/users\/5"}],"replies":[{"embeddable":true,"href":"https:\/\/turisme.mutxamel.org\/ca\/wp-json\/wp\/v2\/comments?post=12945"}],"version-history":[{"count":1,"href":"https:\/\/turisme.mutxamel.org\/ca\/wp-json\/wp\/v2\/posts\/12945\/revisions"}],"predecessor-version":[{"id":13013,"href":"https:\/\/turisme.mutxamel.org\/ca\/wp-json\/wp\/v2\/posts\/12945\/revisions\/13013"}],"wp:featuredmedia":[{"embeddable":true,"href":"https:\/\/turisme.mutxamel.org\/ca\/wp-json\/wp\/v2\/media\/12430"}],"wp:attachment":[{"href":"https:\/\/turisme.mutxamel.org\/ca\/wp-json\/wp\/v2\/media?parent=12945"}],"wp:term":[{"taxonomy":"category","embeddable":true,"href":"https:\/\/turisme.mutxamel.org\/ca\/wp-json\/wp\/v2\/categories?post=12945"},{"taxonomy":"post_tag","embeddable":true,"href":"https:\/\/turisme.mutxamel.org\/ca\/wp-json\/wp\/v2\/tags?post=12945"}],"curies":[{"name":"wp","href":"https:\/\/api.w.org\/{rel}","templated":true}]}}