{"id":17005,"date":"2026-01-19T13:30:46","date_gmt":"2026-01-19T12:30:46","guid":{"rendered":"https:\/\/turisme.mutxamel.org\/mutxamel-es-presenta-en-fitur-com-a-destinacio-de-qualitat-sostenible-i-innovadora\/"},"modified":"2026-04-26T03:02:59","modified_gmt":"2026-04-26T01:02:59","slug":"mutxamel-es-presenta-en-fitur-com-a-destinacio-de-qualitat-sostenible-i-innovadora","status":"publish","type":"post","link":"https:\/\/turisme.mutxamel.org\/ca\/mutxamel-es-presenta-en-fitur-com-a-destinacio-de-qualitat-sostenible-i-innovadora\/","title":{"rendered":"Mutxamel es presenta en FITUR com a destinaci\u00f3 de qualitat, sostenible i innovadora"},"content":{"rendered":"<p><strong><em>El municipi presentar\u00e0 en la Fira Internacional de Turisme la seua nova campanya \u201cObri el par\u00e8ntesi i queda\u2019t\u201d, que convida a descobrir-lo des d\u2019una mirada pr\u00f2xima, vivencial i sostenible, posant en el centre la seua identitat i la seua manera de viure.<\/em><\/strong><\/p>\n<p>L\u2019Ajuntament de Mutxamel participar\u00e0 en la Fira Internacional de Turisme (FITUR), que se celebrar\u00e0 del 21 al 25 de gener de 2026 en IFEMA Madrid. La seua pres\u00e8ncia en esta cita global respon a una estrat\u00e8gia clara de posicionament com a destinaci\u00f3 de qualitat, sostenible i innovadora, i a l\u2019oportunitat de presentar al m\u00f3n la seua oferta tur\u00edstica a un p\u00fablic professional i general.<\/p>\n<p>FITUR constitueix un dels principals aparadors mundials del sector, on es generen aliances comercials, oportunitats de negoci i espais de visibilitat per a projectes tur\u00edstics que destaquen per la seua innovaci\u00f3 i la seua connexi\u00f3 amb les \u00faltimes tend\u00e8ncies del mercat. En este context, Mutxamel presentar\u00e0 la seua oferta i els seus projectes m\u00e9s rellevants per a 2026.<\/p>\n<p>La regidora de Turisme, Felicia Aracil, ha assenyalat que \u201cparticipar en FITUR \u00e9s un esdeveniment clau per al desenvolupament tur\u00edstic de Mutxamel. Ens permet mostrar la nostra oferta al m\u00f3n, marcar prioritats de promoci\u00f3 i inversi\u00f3, i refor\u00e7ar la nostra pres\u00e8ncia com a destinaci\u00f3. A m\u00e9s, ens dona acc\u00e9s a con\u00e9ixer les \u00faltimes innovacions en sostenibilitat, digitalitzaci\u00f3 i intel\u00b7lig\u00e8ncia artificial aplicades al sector, eines que impulsen la competitivitat i la qualitat dels nostres recursos\u201d.<\/p>\n<p>Per la seua banda, l\u2019alcalde de Mutxamel, Rafael Garc\u00eda Berenguer, ha destacat que \u201cla nostra participaci\u00f3 en FITUR respon a una visi\u00f3 de futur basada en la qualitat i en l\u2019enfortiment del nostre model tur\u00edstic. No es tracta \u00fanicament d\u2019atraure visitants, sin\u00f3 d\u2019obrir noves oportunitats econ\u00f2miques, afavorir aliances amb empreses o entitats, i consolidar la projecci\u00f3 de Mutxamel com a una destinaci\u00f3 integral i diferenciadora dins del mapa tur\u00edstic espanyol\u201d.<\/p>\n<p>Un dels fets m\u00e9s importants per a Mutxamel en esta edici\u00f3 ser\u00e0 la recollida del distintiu Q de Qualitat Tur\u00edstica, atorgat per l\u2019Institut per a la Qualitat Tur\u00edstica Espanyola (ICTE). Este segell certifica l\u2019excel\u00b7l\u00e8ncia dels serveis tur\u00edstics del municipi i suposa un reconeixement p\u00fablic al comprom\u00eds amb la qualitat, la millora cont\u00ednua i la sostenibilitat.<\/p>\n<p>El lliurament del distintiu tindr\u00e0 lloc en FITUR, durant la Gala de la Nit Q, un acte que honra les destinacions que aposten per la innovaci\u00f3, l\u2019excel\u00b7l\u00e8ncia i la sostenibilitat certificades.<\/p>\n<p>Segons Felicia Aracil, \u201cl\u2019obtenci\u00f3 de la Q de Qualitat Tur\u00edstica no sols aporta prestigi i diferenciaci\u00f3, sin\u00f3 que converteix Mutxamel en una destinaci\u00f3 m\u00e9s fiable per a visitants i inversors. A m\u00e9s, facilita l\u2019acc\u00e9s a ajudes i subvencions que potencien la millora constant dels nostres recursos tur\u00edstics\u201d.<\/p>\n<p>L\u2019alcalde ha afegit que \u201ceste segell certifica un treball col\u00b7lectiu de molt d\u2019esfor\u00e7, que reconeix la qualitat dels nostres serveis i ens impulsa a continuar avan\u00e7ant en el desenvolupament d\u2019un turisme responsable, competitiu i generador d\u2019oportunitats\u201d.<\/p>\n<p><strong>Nova campanya promocional \u201cObri el par\u00e8ntesi i queda\u2019t\u201d<\/strong><\/p>\n<p>Durant la fira, Mutxamel presentar\u00e0 la seua nova campanya de promoci\u00f3 tur\u00edstica sota el lema \u201cObri el par\u00e8ntesi i queda\u2019t\u201d. La iniciativa aposta per una narrativa emocional i experiencial, que convida a descobrir el municipi des d\u2019una \u00f2ptica m\u00e9s pr\u00f2xima i vivencial, destacant elements singulars com els seus paisatges, patrimoni, gastronomia, festes i estil de vida.<\/p>\n<p>La campanya ha sigut produ\u00efda \u00edntegrament amb talent de la prov\u00edncia, i incorpora la participaci\u00f3 de residents de Mutxamel, refor\u00e7ant aix\u00ed el seu car\u00e0cter aut\u00e8ntic i pr\u00f2xim. A m\u00e9s, inclou una s\u00e8rie de peces audiovisuals tem\u00e0tiques i una l\u00ednia gr\u00e0fica adaptada per a la seua difusi\u00f3 en diferents canals de comunicaci\u00f3 i xarxes socials.<\/p>\n<p>\u201cVolem projectar una imatge de Mutxamel com a una destinaci\u00f3 que convida a parar, a descobrir i a formar part de les nostres experi\u00e8ncies. La campanya reflecteix la nostra identitat i el que oferim com a municipi, i refor\u00e7a la idea que Mutxamel \u00e9s molt m\u00e9s que un punt en el mapa: \u00e9s un lloc per a viure, visitar i recordar\u201d, ha afirmat l\u2019alcalde.<\/p>\n<p>La participaci\u00f3 de Mutxamel en FITUR tamb\u00e9 posa el focus en la sostenibilitat ambiental, l\u2019accessibilitat i la innovaci\u00f3, pilars fonamentals del desenvolupament tur\u00edstic actual. El municipi busca consolidar-se com una destinaci\u00f3 que no sols ofereix experi\u00e8ncies memorables, sin\u00f3 que ho fa des d\u2019un enfocament responsable i alineat amb les millors pr\u00e0ctiques del sector.<\/p>\n<p>Amb esta pres\u00e8ncia en FITUR, Mutxamel reafirma el seu comprom\u00eds amb un turisme de qualitat, capa\u00e7 de generar impacte econ\u00f2mic, cohesi\u00f3 social i reconeixement dins d\u2019un mercat cada vegada m\u00e9s competitiu i exigent.<\/p>\n","protected":false},"excerpt":{"rendered":"<p>El municipi presentar\u00e0 en la Fira Internacional de Turisme la seua nova campanya \u201cObri el par\u00e8ntesi i queda\u2019t\u201d, que convida a descobrir-lo des d\u2019una mirada pr\u00f2xima, vivencial i sostenible, posant en el centre la seua identitat i la seua manera de viure. L\u2019Ajuntament de Mutxamel participar\u00e0 en la Fira Internacional de Turisme (FITUR), que se&#8230;<\/p>\n","protected":false},"author":5,"featured_media":17006,"comment_status":"closed","ping_status":"closed","sticky":false,"template":"","format":"standard","meta":{"footnotes":""},"categories":[35],"tags":[],"class_list":["post-17005","post","type-post","status-publish","format-standard","has-post-thumbnail","hentry","category-turismo"],"yoast_head":"<!-- This site is optimized with the Yoast SEO plugin v27.2 - https:\/\/yoast.com\/product\/yoast-seo-wordpress\/ -->\n<title>Mutxamel es presenta en FITUR com a destinaci\u00f3 de qualitat, sostenible i innovadora - Turismo Mutxamel<\/title>\n<meta name=\"robots\" content=\"index, follow, max-snippet:-1, max-image-preview:large, max-video-preview:-1\" \/>\n<link rel=\"canonical\" href=\"https:\/\/turisme.mutxamel.org\/ca\/mutxamel-es-presenta-en-fitur-com-a-destinacio-de-qualitat-sostenible-i-innovadora\/\" \/>\n<meta property=\"og:locale\" content=\"ca_ES\" \/>\n<meta property=\"og:type\" content=\"article\" \/>\n<meta property=\"og:title\" content=\"Mutxamel es presenta en FITUR com a destinaci\u00f3 de qualitat, sostenible i innovadora - Turismo Mutxamel\" \/>\n<meta property=\"og:description\" content=\"El municipi presentar\u00e0 en la Fira Internacional de Turisme la seua nova campanya \u201cObri el par\u00e8ntesi i queda\u2019t\u201d, que convida a descobrir-lo des d\u2019una mirada pr\u00f2xima, vivencial i sostenible, posant en el centre la seua identitat i la seua manera de viure. L\u2019Ajuntament de Mutxamel participar\u00e0 en la Fira Internacional de Turisme (FITUR), que se...\" \/>\n<meta property=\"og:url\" content=\"https:\/\/turisme.mutxamel.org\/ca\/mutxamel-es-presenta-en-fitur-com-a-destinacio-de-qualitat-sostenible-i-innovadora\/\" \/>\n<meta property=\"og:site_name\" content=\"Turismo Mutxamel\" \/>\n<meta property=\"article:publisher\" content=\"https:\/\/www.facebook.com\/mutxamelturismo\" \/>\n<meta property=\"article:published_time\" content=\"2026-01-19T12:30:46+00:00\" \/>\n<meta property=\"article:modified_time\" content=\"2026-04-26T01:02:59+00:00\" \/>\n<meta property=\"og:image\" content=\"https:\/\/turisme.mutxamel.org\/wp-content\/uploads\/2023\/11\/IMG_1314-1.jpg\" \/>\n\t<meta property=\"og:image:width\" content=\"1200\" \/>\n\t<meta property=\"og:image:height\" content=\"1115\" \/>\n\t<meta property=\"og:image:type\" content=\"image\/jpeg\" \/>\n<meta name=\"author\" content=\"Ayuntamiento Mutxamel\" \/>\n<meta name=\"twitter:card\" content=\"summary_large_image\" \/>\n<meta name=\"twitter:label1\" content=\"Escrit per\" \/>\n\t<meta name=\"twitter:data1\" content=\"Ayuntamiento Mutxamel\" \/>\n\t<meta name=\"twitter:label2\" content=\"Temps estimat de lectura\" \/>\n\t<meta name=\"twitter:data2\" content=\"4 minuts\" \/>\n<script type=\"application\/ld+json\" class=\"yoast-schema-graph\">{\"@context\":\"https:\/\/schema.org\",\"@graph\":[{\"@type\":\"Article\",\"@id\":\"https:\/\/turisme.mutxamel.org\/ca\/mutxamel-es-presenta-en-fitur-com-a-destinacio-de-qualitat-sostenible-i-innovadora\/#article\",\"isPartOf\":{\"@id\":\"https:\/\/turisme.mutxamel.org\/ca\/mutxamel-es-presenta-en-fitur-com-a-destinacio-de-qualitat-sostenible-i-innovadora\/\"},\"author\":{\"name\":\"Ayuntamiento Mutxamel\",\"@id\":\"https:\/\/turisme.mutxamel.org\/ca\/#\/schema\/person\/d1f50c20035a7b1ec39d6c100cde2178\"},\"headline\":\"Mutxamel es presenta en FITUR com a destinaci\u00f3 de qualitat, sostenible i innovadora\",\"datePublished\":\"2026-01-19T12:30:46+00:00\",\"dateModified\":\"2026-04-26T01:02:59+00:00\",\"mainEntityOfPage\":{\"@id\":\"https:\/\/turisme.mutxamel.org\/ca\/mutxamel-es-presenta-en-fitur-com-a-destinacio-de-qualitat-sostenible-i-innovadora\/\"},\"wordCount\":845,\"publisher\":{\"@id\":\"https:\/\/turisme.mutxamel.org\/ca\/#organization\"},\"image\":{\"@id\":\"https:\/\/turisme.mutxamel.org\/ca\/mutxamel-es-presenta-en-fitur-com-a-destinacio-de-qualitat-sostenible-i-innovadora\/#primaryimage\"},\"thumbnailUrl\":\"https:\/\/turisme.mutxamel.org\/wp-content\/uploads\/2023\/11\/IMG_1314-1.jpg\",\"articleSection\":[\"Turismo\"],\"inLanguage\":\"ca\"},{\"@type\":\"WebPage\",\"@id\":\"https:\/\/turisme.mutxamel.org\/ca\/mutxamel-es-presenta-en-fitur-com-a-destinacio-de-qualitat-sostenible-i-innovadora\/\",\"url\":\"https:\/\/turisme.mutxamel.org\/ca\/mutxamel-es-presenta-en-fitur-com-a-destinacio-de-qualitat-sostenible-i-innovadora\/\",\"name\":\"Mutxamel es presenta en FITUR com a destinaci\u00f3 de qualitat, sostenible i innovadora - Turismo Mutxamel\",\"isPartOf\":{\"@id\":\"https:\/\/turisme.mutxamel.org\/ca\/#website\"},\"primaryImageOfPage\":{\"@id\":\"https:\/\/turisme.mutxamel.org\/ca\/mutxamel-es-presenta-en-fitur-com-a-destinacio-de-qualitat-sostenible-i-innovadora\/#primaryimage\"},\"image\":{\"@id\":\"https:\/\/turisme.mutxamel.org\/ca\/mutxamel-es-presenta-en-fitur-com-a-destinacio-de-qualitat-sostenible-i-innovadora\/#primaryimage\"},\"thumbnailUrl\":\"https:\/\/turisme.mutxamel.org\/wp-content\/uploads\/2023\/11\/IMG_1314-1.jpg\",\"datePublished\":\"2026-01-19T12:30:46+00:00\",\"dateModified\":\"2026-04-26T01:02:59+00:00\",\"breadcrumb\":{\"@id\":\"https:\/\/turisme.mutxamel.org\/ca\/mutxamel-es-presenta-en-fitur-com-a-destinacio-de-qualitat-sostenible-i-innovadora\/#breadcrumb\"},\"inLanguage\":\"ca\",\"potentialAction\":[{\"@type\":\"ReadAction\",\"target\":[\"https:\/\/turisme.mutxamel.org\/ca\/mutxamel-es-presenta-en-fitur-com-a-destinacio-de-qualitat-sostenible-i-innovadora\/\"]}]},{\"@type\":\"ImageObject\",\"inLanguage\":\"ca\",\"@id\":\"https:\/\/turisme.mutxamel.org\/ca\/mutxamel-es-presenta-en-fitur-com-a-destinacio-de-qualitat-sostenible-i-innovadora\/#primaryimage\",\"url\":\"https:\/\/turisme.mutxamel.org\/wp-content\/uploads\/2023\/11\/IMG_1314-1.jpg\",\"contentUrl\":\"https:\/\/turisme.mutxamel.org\/wp-content\/uploads\/2023\/11\/IMG_1314-1.jpg\",\"width\":1200,\"height\":1115},{\"@type\":\"BreadcrumbList\",\"@id\":\"https:\/\/turisme.mutxamel.org\/ca\/mutxamel-es-presenta-en-fitur-com-a-destinacio-de-qualitat-sostenible-i-innovadora\/#breadcrumb\",\"itemListElement\":[{\"@type\":\"ListItem\",\"position\":1,\"name\":\"Portada\",\"item\":\"https:\/\/turisme.mutxamel.org\/ca\/inicio\/\"},{\"@type\":\"ListItem\",\"position\":2,\"name\":\"Mutxamel es presenta en FITUR com a destinaci\u00f3 de qualitat, sostenible i innovadora\"}]},{\"@type\":\"WebSite\",\"@id\":\"https:\/\/turisme.mutxamel.org\/ca\/#website\",\"url\":\"https:\/\/turisme.mutxamel.org\/ca\/\",\"name\":\"Turismo Mutxamel\",\"description\":\"\",\"publisher\":{\"@id\":\"https:\/\/turisme.mutxamel.org\/ca\/#organization\"},\"potentialAction\":[{\"@type\":\"SearchAction\",\"target\":{\"@type\":\"EntryPoint\",\"urlTemplate\":\"https:\/\/turisme.mutxamel.org\/ca\/?s={search_term_string}\"},\"query-input\":{\"@type\":\"PropertyValueSpecification\",\"valueRequired\":true,\"valueName\":\"search_term_string\"}}],\"inLanguage\":\"ca\"},{\"@type\":\"Organization\",\"@id\":\"https:\/\/turisme.mutxamel.org\/ca\/#organization\",\"name\":\"Turismo Mutxamel\",\"url\":\"https:\/\/turisme.mutxamel.org\/ca\/\",\"logo\":{\"@type\":\"ImageObject\",\"inLanguage\":\"ca\",\"@id\":\"https:\/\/turisme.mutxamel.org\/ca\/#\/schema\/logo\/image\/\",\"url\":\"https:\/\/turisme.mutxamel.org\/wp-content\/uploads\/2024\/01\/logo-turismo-mutxamel.jpg\",\"contentUrl\":\"https:\/\/turisme.mutxamel.org\/wp-content\/uploads\/2024\/01\/logo-turismo-mutxamel.jpg\",\"width\":195,\"height\":81,\"caption\":\"Turismo Mutxamel\"},\"image\":{\"@id\":\"https:\/\/turisme.mutxamel.org\/ca\/#\/schema\/logo\/image\/\"},\"sameAs\":[\"https:\/\/www.facebook.com\/mutxamelturismo\",\"https:\/\/www.instagram.com\/mutxamelturismo\/\",\"https:\/\/www.youtube.com\/aytomutxamel\"]},{\"@type\":\"Person\",\"@id\":\"https:\/\/turisme.mutxamel.org\/ca\/#\/schema\/person\/d1f50c20035a7b1ec39d6c100cde2178\",\"name\":\"Ayuntamiento Mutxamel\",\"url\":\"https:\/\/turisme.mutxamel.org\/ca\/author\/ayuntamiento-mutxamel\/\"}]}<\/script>\n<!-- \/ Yoast SEO plugin. -->","yoast_head_json":{"title":"Mutxamel es presenta en FITUR com a destinaci\u00f3 de qualitat, sostenible i innovadora - Turismo Mutxamel","robots":{"index":"index","follow":"follow","max-snippet":"max-snippet:-1","max-image-preview":"max-image-preview:large","max-video-preview":"max-video-preview:-1"},"canonical":"https:\/\/turisme.mutxamel.org\/ca\/mutxamel-es-presenta-en-fitur-com-a-destinacio-de-qualitat-sostenible-i-innovadora\/","og_locale":"ca_ES","og_type":"article","og_title":"Mutxamel es presenta en FITUR com a destinaci\u00f3 de qualitat, sostenible i innovadora - Turismo Mutxamel","og_description":"El municipi presentar\u00e0 en la Fira Internacional de Turisme la seua nova campanya \u201cObri el par\u00e8ntesi i queda\u2019t\u201d, que convida a descobrir-lo des d\u2019una mirada pr\u00f2xima, vivencial i sostenible, posant en el centre la seua identitat i la seua manera de viure. L\u2019Ajuntament de Mutxamel participar\u00e0 en la Fira Internacional de Turisme (FITUR), que se...","og_url":"https:\/\/turisme.mutxamel.org\/ca\/mutxamel-es-presenta-en-fitur-com-a-destinacio-de-qualitat-sostenible-i-innovadora\/","og_site_name":"Turismo Mutxamel","article_publisher":"https:\/\/www.facebook.com\/mutxamelturismo","article_published_time":"2026-01-19T12:30:46+00:00","article_modified_time":"2026-04-26T01:02:59+00:00","og_image":[{"width":1200,"height":1115,"url":"https:\/\/turisme.mutxamel.org\/wp-content\/uploads\/2023\/11\/IMG_1314-1.jpg","type":"image\/jpeg"}],"author":"Ayuntamiento Mutxamel","twitter_card":"summary_large_image","twitter_misc":{"Escrit per":"Ayuntamiento Mutxamel","Temps estimat de lectura":"4 minuts"},"schema":{"@context":"https:\/\/schema.org","@graph":[{"@type":"Article","@id":"https:\/\/turisme.mutxamel.org\/ca\/mutxamel-es-presenta-en-fitur-com-a-destinacio-de-qualitat-sostenible-i-innovadora\/#article","isPartOf":{"@id":"https:\/\/turisme.mutxamel.org\/ca\/mutxamel-es-presenta-en-fitur-com-a-destinacio-de-qualitat-sostenible-i-innovadora\/"},"author":{"name":"Ayuntamiento Mutxamel","@id":"https:\/\/turisme.mutxamel.org\/ca\/#\/schema\/person\/d1f50c20035a7b1ec39d6c100cde2178"},"headline":"Mutxamel es presenta en FITUR com a destinaci\u00f3 de qualitat, sostenible i innovadora","datePublished":"2026-01-19T12:30:46+00:00","dateModified":"2026-04-26T01:02:59+00:00","mainEntityOfPage":{"@id":"https:\/\/turisme.mutxamel.org\/ca\/mutxamel-es-presenta-en-fitur-com-a-destinacio-de-qualitat-sostenible-i-innovadora\/"},"wordCount":845,"publisher":{"@id":"https:\/\/turisme.mutxamel.org\/ca\/#organization"},"image":{"@id":"https:\/\/turisme.mutxamel.org\/ca\/mutxamel-es-presenta-en-fitur-com-a-destinacio-de-qualitat-sostenible-i-innovadora\/#primaryimage"},"thumbnailUrl":"https:\/\/turisme.mutxamel.org\/wp-content\/uploads\/2023\/11\/IMG_1314-1.jpg","articleSection":["Turismo"],"inLanguage":"ca"},{"@type":"WebPage","@id":"https:\/\/turisme.mutxamel.org\/ca\/mutxamel-es-presenta-en-fitur-com-a-destinacio-de-qualitat-sostenible-i-innovadora\/","url":"https:\/\/turisme.mutxamel.org\/ca\/mutxamel-es-presenta-en-fitur-com-a-destinacio-de-qualitat-sostenible-i-innovadora\/","name":"Mutxamel es presenta en FITUR com a destinaci\u00f3 de qualitat, sostenible i innovadora - Turismo Mutxamel","isPartOf":{"@id":"https:\/\/turisme.mutxamel.org\/ca\/#website"},"primaryImageOfPage":{"@id":"https:\/\/turisme.mutxamel.org\/ca\/mutxamel-es-presenta-en-fitur-com-a-destinacio-de-qualitat-sostenible-i-innovadora\/#primaryimage"},"image":{"@id":"https:\/\/turisme.mutxamel.org\/ca\/mutxamel-es-presenta-en-fitur-com-a-destinacio-de-qualitat-sostenible-i-innovadora\/#primaryimage"},"thumbnailUrl":"https:\/\/turisme.mutxamel.org\/wp-content\/uploads\/2023\/11\/IMG_1314-1.jpg","datePublished":"2026-01-19T12:30:46+00:00","dateModified":"2026-04-26T01:02:59+00:00","breadcrumb":{"@id":"https:\/\/turisme.mutxamel.org\/ca\/mutxamel-es-presenta-en-fitur-com-a-destinacio-de-qualitat-sostenible-i-innovadora\/#breadcrumb"},"inLanguage":"ca","potentialAction":[{"@type":"ReadAction","target":["https:\/\/turisme.mutxamel.org\/ca\/mutxamel-es-presenta-en-fitur-com-a-destinacio-de-qualitat-sostenible-i-innovadora\/"]}]},{"@type":"ImageObject","inLanguage":"ca","@id":"https:\/\/turisme.mutxamel.org\/ca\/mutxamel-es-presenta-en-fitur-com-a-destinacio-de-qualitat-sostenible-i-innovadora\/#primaryimage","url":"https:\/\/turisme.mutxamel.org\/wp-content\/uploads\/2023\/11\/IMG_1314-1.jpg","contentUrl":"https:\/\/turisme.mutxamel.org\/wp-content\/uploads\/2023\/11\/IMG_1314-1.jpg","width":1200,"height":1115},{"@type":"BreadcrumbList","@id":"https:\/\/turisme.mutxamel.org\/ca\/mutxamel-es-presenta-en-fitur-com-a-destinacio-de-qualitat-sostenible-i-innovadora\/#breadcrumb","itemListElement":[{"@type":"ListItem","position":1,"name":"Portada","item":"https:\/\/turisme.mutxamel.org\/ca\/inicio\/"},{"@type":"ListItem","position":2,"name":"Mutxamel es presenta en FITUR com a destinaci\u00f3 de qualitat, sostenible i innovadora"}]},{"@type":"WebSite","@id":"https:\/\/turisme.mutxamel.org\/ca\/#website","url":"https:\/\/turisme.mutxamel.org\/ca\/","name":"Turismo Mutxamel","description":"","publisher":{"@id":"https:\/\/turisme.mutxamel.org\/ca\/#organization"},"potentialAction":[{"@type":"SearchAction","target":{"@type":"EntryPoint","urlTemplate":"https:\/\/turisme.mutxamel.org\/ca\/?s={search_term_string}"},"query-input":{"@type":"PropertyValueSpecification","valueRequired":true,"valueName":"search_term_string"}}],"inLanguage":"ca"},{"@type":"Organization","@id":"https:\/\/turisme.mutxamel.org\/ca\/#organization","name":"Turismo Mutxamel","url":"https:\/\/turisme.mutxamel.org\/ca\/","logo":{"@type":"ImageObject","inLanguage":"ca","@id":"https:\/\/turisme.mutxamel.org\/ca\/#\/schema\/logo\/image\/","url":"https:\/\/turisme.mutxamel.org\/wp-content\/uploads\/2024\/01\/logo-turismo-mutxamel.jpg","contentUrl":"https:\/\/turisme.mutxamel.org\/wp-content\/uploads\/2024\/01\/logo-turismo-mutxamel.jpg","width":195,"height":81,"caption":"Turismo Mutxamel"},"image":{"@id":"https:\/\/turisme.mutxamel.org\/ca\/#\/schema\/logo\/image\/"},"sameAs":["https:\/\/www.facebook.com\/mutxamelturismo","https:\/\/www.instagram.com\/mutxamelturismo\/","https:\/\/www.youtube.com\/aytomutxamel"]},{"@type":"Person","@id":"https:\/\/turisme.mutxamel.org\/ca\/#\/schema\/person\/d1f50c20035a7b1ec39d6c100cde2178","name":"Ayuntamiento Mutxamel","url":"https:\/\/turisme.mutxamel.org\/ca\/author\/ayuntamiento-mutxamel\/"}]}},"_links":{"self":[{"href":"https:\/\/turisme.mutxamel.org\/ca\/wp-json\/wp\/v2\/posts\/17005","targetHints":{"allow":["GET"]}}],"collection":[{"href":"https:\/\/turisme.mutxamel.org\/ca\/wp-json\/wp\/v2\/posts"}],"about":[{"href":"https:\/\/turisme.mutxamel.org\/ca\/wp-json\/wp\/v2\/types\/post"}],"author":[{"embeddable":true,"href":"https:\/\/turisme.mutxamel.org\/ca\/wp-json\/wp\/v2\/users\/5"}],"replies":[{"embeddable":true,"href":"https:\/\/turisme.mutxamel.org\/ca\/wp-json\/wp\/v2\/comments?post=17005"}],"version-history":[{"count":1,"href":"https:\/\/turisme.mutxamel.org\/ca\/wp-json\/wp\/v2\/posts\/17005\/revisions"}],"predecessor-version":[{"id":17009,"href":"https:\/\/turisme.mutxamel.org\/ca\/wp-json\/wp\/v2\/posts\/17005\/revisions\/17009"}],"wp:featuredmedia":[{"embeddable":true,"href":"https:\/\/turisme.mutxamel.org\/ca\/wp-json\/wp\/v2\/media\/17006"}],"wp:attachment":[{"href":"https:\/\/turisme.mutxamel.org\/ca\/wp-json\/wp\/v2\/media?parent=17005"}],"wp:term":[{"taxonomy":"category","embeddable":true,"href":"https:\/\/turisme.mutxamel.org\/ca\/wp-json\/wp\/v2\/categories?post=17005"},{"taxonomy":"post_tag","embeddable":true,"href":"https:\/\/turisme.mutxamel.org\/ca\/wp-json\/wp\/v2\/tags?post=17005"}],"curies":[{"name":"wp","href":"https:\/\/api.w.org\/{rel}","templated":true}]}}