{"id":17066,"date":"2026-02-02T11:40:43","date_gmt":"2026-02-02T10:40:43","guid":{"rendered":"https:\/\/turisme.mutxamel.org\/descobrix-mutxamel-al-febrer-i-marc-de-2026\/"},"modified":"2026-04-26T03:02:59","modified_gmt":"2026-04-26T01:02:59","slug":"descobrix-mutxamel-al-febrer-i-marc-de-2026","status":"publish","type":"post","link":"https:\/\/turisme.mutxamel.org\/ca\/descobrix-mutxamel-al-febrer-i-marc-de-2026\/","title":{"rendered":"Descobrix Mutxamel al febrer i mar\u00e7 de 2026"},"content":{"rendered":"<p>La Regidoria de Turisme de l&#8217;Ajuntament de Mutxamel et convida a gaudir d&#8217;una completa programaci\u00f3 de visites guiades i visites teatralitzades durant els mesos de febrer i mar\u00e7 de 2026. Una proposta pensada per a passejar, descobrir i gaudir en fam\u00edlia, recorrent alguns dels espais m\u00e9s emblem\u00e0tics del municipi.<\/p>\n<p>&nbsp;<\/p>\n<p>El programa inclou visites guiades als Jardins de Pe\u00f1acerrada i el barri antic, la Torre de Defensa aix\u00ed com rutes per les senderes locals amb final en el Centre d&#8217;Interpretaci\u00f3 Els Fontetes \u2013 Assut de Mutxamel. A m\u00e9s, podr\u00e0s viure una experi\u00e8ncia \u00fanica amb la visita teatralitzada als Jardins de Santa Elena, titulada \u201cSomnis d&#8217;un cineasta al jard\u00ed\u201d, una activitat pensada per a totes les edats.<\/p>\n<p>&nbsp;<\/p>\n<p>Totes les activitats es realitzen en horari de dem\u00e0 i compten amb places limitades, per la qual cosa \u00e9s necess\u00e0ria inscripci\u00f3 pr\u00e8via.<\/p>\n<p>&nbsp;<\/p>\n<p>Veuen a con\u00e9ixer els nostres jardins, la nostra hist\u00f2ria i el nostre patrimoni natural a trav\u00e9s d&#8217;una experi\u00e8ncia cultural, divertida i educativa per a compartir junts.<\/p>\n<p>&nbsp;<\/p>\n<p>\ud83d\udce9 Reserva la teua pla\u00e7a en: inscripcionesturismo@mutxamel.org<\/p>\n<p>\ud83d\udccd Informaci\u00f3: Tourist Info Mutxamel \u2013 C\/ del Carme, 1<\/p>\n<p>\ud83d\udcde 683 58 99 17<\/p>\n","protected":false},"excerpt":{"rendered":"<p>La Regidoria de Turisme de l&#8217;Ajuntament de Mutxamel et convida a gaudir d&#8217;una completa programaci\u00f3 de visites guiades i visites teatralitzades durant els mesos de febrer i mar\u00e7 de 2026. Una proposta pensada per a passejar, descobrir i gaudir en fam\u00edlia, recorrent alguns dels espais m\u00e9s emblem\u00e0tics del municipi. &nbsp; El programa inclou visites guiades&#8230;<\/p>\n","protected":false},"author":5,"featured_media":17067,"comment_status":"closed","ping_status":"closed","sticky":false,"template":"","format":"standard","meta":{"footnotes":""},"categories":[35],"tags":[],"class_list":["post-17066","post","type-post","status-publish","format-standard","has-post-thumbnail","hentry","category-turismo"],"yoast_head":"<!-- This site is optimized with the Yoast SEO plugin v27.2 - https:\/\/yoast.com\/product\/yoast-seo-wordpress\/ -->\n<title>Descobrix Mutxamel al febrer i mar\u00e7 de 2026 - Turismo Mutxamel<\/title>\n<meta name=\"robots\" content=\"index, follow, max-snippet:-1, max-image-preview:large, max-video-preview:-1\" \/>\n<link rel=\"canonical\" href=\"https:\/\/turisme.mutxamel.org\/ca\/descobrix-mutxamel-al-febrer-i-marc-de-2026\/\" \/>\n<meta property=\"og:locale\" content=\"ca_ES\" \/>\n<meta property=\"og:type\" content=\"article\" \/>\n<meta property=\"og:title\" content=\"Descobrix Mutxamel al febrer i mar\u00e7 de 2026 - Turismo Mutxamel\" \/>\n<meta property=\"og:description\" content=\"La Regidoria de Turisme de l&#8217;Ajuntament de Mutxamel et convida a gaudir d&#8217;una completa programaci\u00f3 de visites guiades i visites teatralitzades durant els mesos de febrer i mar\u00e7 de 2026. Una proposta pensada per a passejar, descobrir i gaudir en fam\u00edlia, recorrent alguns dels espais m\u00e9s emblem\u00e0tics del municipi. &nbsp; El programa inclou visites guiades...\" \/>\n<meta property=\"og:url\" content=\"https:\/\/turisme.mutxamel.org\/ca\/descobrix-mutxamel-al-febrer-i-marc-de-2026\/\" \/>\n<meta property=\"og:site_name\" content=\"Turismo Mutxamel\" \/>\n<meta property=\"article:publisher\" content=\"https:\/\/www.facebook.com\/mutxamelturismo\" \/>\n<meta property=\"article:published_time\" content=\"2026-02-02T10:40:43+00:00\" \/>\n<meta property=\"article:modified_time\" content=\"2026-04-26T01:02:59+00:00\" \/>\n<meta property=\"og:image\" content=\"https:\/\/turisme.mutxamel.org\/wp-content\/uploads\/2023\/11\/ESP-Cartel-Mutxamel-Febrero-Marzo-2026-1-scaled-2.jpg\" \/>\n\t<meta property=\"og:image:width\" content=\"1357\" \/>\n\t<meta property=\"og:image:height\" content=\"1920\" \/>\n\t<meta property=\"og:image:type\" content=\"image\/jpeg\" \/>\n<meta name=\"author\" content=\"Ayuntamiento Mutxamel\" \/>\n<meta name=\"twitter:card\" content=\"summary_large_image\" \/>\n<meta name=\"twitter:label1\" content=\"Escrit per\" \/>\n\t<meta name=\"twitter:data1\" content=\"Ayuntamiento Mutxamel\" \/>\n\t<meta name=\"twitter:label2\" content=\"Temps estimat de lectura\" \/>\n\t<meta name=\"twitter:data2\" content=\"1 minut\" \/>\n<script type=\"application\/ld+json\" class=\"yoast-schema-graph\">{\"@context\":\"https:\/\/schema.org\",\"@graph\":[{\"@type\":\"Article\",\"@id\":\"https:\/\/turisme.mutxamel.org\/ca\/descobrix-mutxamel-al-febrer-i-marc-de-2026\/#article\",\"isPartOf\":{\"@id\":\"https:\/\/turisme.mutxamel.org\/ca\/descobrix-mutxamel-al-febrer-i-marc-de-2026\/\"},\"author\":{\"name\":\"Ayuntamiento Mutxamel\",\"@id\":\"https:\/\/turisme.mutxamel.org\/ca\/#\/schema\/person\/d1f50c20035a7b1ec39d6c100cde2178\"},\"headline\":\"Descobrix Mutxamel al febrer i mar\u00e7 de 2026\",\"datePublished\":\"2026-02-02T10:40:43+00:00\",\"dateModified\":\"2026-04-26T01:02:59+00:00\",\"mainEntityOfPage\":{\"@id\":\"https:\/\/turisme.mutxamel.org\/ca\/descobrix-mutxamel-al-febrer-i-marc-de-2026\/\"},\"wordCount\":206,\"publisher\":{\"@id\":\"https:\/\/turisme.mutxamel.org\/ca\/#organization\"},\"image\":{\"@id\":\"https:\/\/turisme.mutxamel.org\/ca\/descobrix-mutxamel-al-febrer-i-marc-de-2026\/#primaryimage\"},\"thumbnailUrl\":\"https:\/\/turisme.mutxamel.org\/wp-content\/uploads\/2023\/11\/ESP-Cartel-Mutxamel-Febrero-Marzo-2026-1-scaled-2.jpg\",\"articleSection\":[\"Turismo\"],\"inLanguage\":\"ca\"},{\"@type\":\"WebPage\",\"@id\":\"https:\/\/turisme.mutxamel.org\/ca\/descobrix-mutxamel-al-febrer-i-marc-de-2026\/\",\"url\":\"https:\/\/turisme.mutxamel.org\/ca\/descobrix-mutxamel-al-febrer-i-marc-de-2026\/\",\"name\":\"Descobrix Mutxamel al febrer i mar\u00e7 de 2026 - Turismo Mutxamel\",\"isPartOf\":{\"@id\":\"https:\/\/turisme.mutxamel.org\/ca\/#website\"},\"primaryImageOfPage\":{\"@id\":\"https:\/\/turisme.mutxamel.org\/ca\/descobrix-mutxamel-al-febrer-i-marc-de-2026\/#primaryimage\"},\"image\":{\"@id\":\"https:\/\/turisme.mutxamel.org\/ca\/descobrix-mutxamel-al-febrer-i-marc-de-2026\/#primaryimage\"},\"thumbnailUrl\":\"https:\/\/turisme.mutxamel.org\/wp-content\/uploads\/2023\/11\/ESP-Cartel-Mutxamel-Febrero-Marzo-2026-1-scaled-2.jpg\",\"datePublished\":\"2026-02-02T10:40:43+00:00\",\"dateModified\":\"2026-04-26T01:02:59+00:00\",\"breadcrumb\":{\"@id\":\"https:\/\/turisme.mutxamel.org\/ca\/descobrix-mutxamel-al-febrer-i-marc-de-2026\/#breadcrumb\"},\"inLanguage\":\"ca\",\"potentialAction\":[{\"@type\":\"ReadAction\",\"target\":[\"https:\/\/turisme.mutxamel.org\/ca\/descobrix-mutxamel-al-febrer-i-marc-de-2026\/\"]}]},{\"@type\":\"ImageObject\",\"inLanguage\":\"ca\",\"@id\":\"https:\/\/turisme.mutxamel.org\/ca\/descobrix-mutxamel-al-febrer-i-marc-de-2026\/#primaryimage\",\"url\":\"https:\/\/turisme.mutxamel.org\/wp-content\/uploads\/2023\/11\/ESP-Cartel-Mutxamel-Febrero-Marzo-2026-1-scaled-2.jpg\",\"contentUrl\":\"https:\/\/turisme.mutxamel.org\/wp-content\/uploads\/2023\/11\/ESP-Cartel-Mutxamel-Febrero-Marzo-2026-1-scaled-2.jpg\",\"width\":1357,\"height\":1920},{\"@type\":\"BreadcrumbList\",\"@id\":\"https:\/\/turisme.mutxamel.org\/ca\/descobrix-mutxamel-al-febrer-i-marc-de-2026\/#breadcrumb\",\"itemListElement\":[{\"@type\":\"ListItem\",\"position\":1,\"name\":\"Portada\",\"item\":\"https:\/\/turisme.mutxamel.org\/ca\/inicio\/\"},{\"@type\":\"ListItem\",\"position\":2,\"name\":\"Descobrix Mutxamel al febrer i mar\u00e7 de 2026\"}]},{\"@type\":\"WebSite\",\"@id\":\"https:\/\/turisme.mutxamel.org\/ca\/#website\",\"url\":\"https:\/\/turisme.mutxamel.org\/ca\/\",\"name\":\"Turismo Mutxamel\",\"description\":\"\",\"publisher\":{\"@id\":\"https:\/\/turisme.mutxamel.org\/ca\/#organization\"},\"potentialAction\":[{\"@type\":\"SearchAction\",\"target\":{\"@type\":\"EntryPoint\",\"urlTemplate\":\"https:\/\/turisme.mutxamel.org\/ca\/?s={search_term_string}\"},\"query-input\":{\"@type\":\"PropertyValueSpecification\",\"valueRequired\":true,\"valueName\":\"search_term_string\"}}],\"inLanguage\":\"ca\"},{\"@type\":\"Organization\",\"@id\":\"https:\/\/turisme.mutxamel.org\/ca\/#organization\",\"name\":\"Turismo Mutxamel\",\"url\":\"https:\/\/turisme.mutxamel.org\/ca\/\",\"logo\":{\"@type\":\"ImageObject\",\"inLanguage\":\"ca\",\"@id\":\"https:\/\/turisme.mutxamel.org\/ca\/#\/schema\/logo\/image\/\",\"url\":\"https:\/\/turisme.mutxamel.org\/wp-content\/uploads\/2024\/01\/logo-turismo-mutxamel.jpg\",\"contentUrl\":\"https:\/\/turisme.mutxamel.org\/wp-content\/uploads\/2024\/01\/logo-turismo-mutxamel.jpg\",\"width\":195,\"height\":81,\"caption\":\"Turismo Mutxamel\"},\"image\":{\"@id\":\"https:\/\/turisme.mutxamel.org\/ca\/#\/schema\/logo\/image\/\"},\"sameAs\":[\"https:\/\/www.facebook.com\/mutxamelturismo\",\"https:\/\/www.instagram.com\/mutxamelturismo\/\",\"https:\/\/www.youtube.com\/aytomutxamel\"]},{\"@type\":\"Person\",\"@id\":\"https:\/\/turisme.mutxamel.org\/ca\/#\/schema\/person\/d1f50c20035a7b1ec39d6c100cde2178\",\"name\":\"Ayuntamiento Mutxamel\",\"url\":\"https:\/\/turisme.mutxamel.org\/ca\/author\/ayuntamiento-mutxamel\/\"}]}<\/script>\n<!-- \/ Yoast SEO plugin. -->","yoast_head_json":{"title":"Descobrix Mutxamel al febrer i mar\u00e7 de 2026 - Turismo Mutxamel","robots":{"index":"index","follow":"follow","max-snippet":"max-snippet:-1","max-image-preview":"max-image-preview:large","max-video-preview":"max-video-preview:-1"},"canonical":"https:\/\/turisme.mutxamel.org\/ca\/descobrix-mutxamel-al-febrer-i-marc-de-2026\/","og_locale":"ca_ES","og_type":"article","og_title":"Descobrix Mutxamel al febrer i mar\u00e7 de 2026 - Turismo Mutxamel","og_description":"La Regidoria de Turisme de l&#8217;Ajuntament de Mutxamel et convida a gaudir d&#8217;una completa programaci\u00f3 de visites guiades i visites teatralitzades durant els mesos de febrer i mar\u00e7 de 2026. Una proposta pensada per a passejar, descobrir i gaudir en fam\u00edlia, recorrent alguns dels espais m\u00e9s emblem\u00e0tics del municipi. &nbsp; El programa inclou visites guiades...","og_url":"https:\/\/turisme.mutxamel.org\/ca\/descobrix-mutxamel-al-febrer-i-marc-de-2026\/","og_site_name":"Turismo Mutxamel","article_publisher":"https:\/\/www.facebook.com\/mutxamelturismo","article_published_time":"2026-02-02T10:40:43+00:00","article_modified_time":"2026-04-26T01:02:59+00:00","og_image":[{"width":1357,"height":1920,"url":"https:\/\/turisme.mutxamel.org\/wp-content\/uploads\/2023\/11\/ESP-Cartel-Mutxamel-Febrero-Marzo-2026-1-scaled-2.jpg","type":"image\/jpeg"}],"author":"Ayuntamiento Mutxamel","twitter_card":"summary_large_image","twitter_misc":{"Escrit per":"Ayuntamiento Mutxamel","Temps estimat de lectura":"1 minut"},"schema":{"@context":"https:\/\/schema.org","@graph":[{"@type":"Article","@id":"https:\/\/turisme.mutxamel.org\/ca\/descobrix-mutxamel-al-febrer-i-marc-de-2026\/#article","isPartOf":{"@id":"https:\/\/turisme.mutxamel.org\/ca\/descobrix-mutxamel-al-febrer-i-marc-de-2026\/"},"author":{"name":"Ayuntamiento Mutxamel","@id":"https:\/\/turisme.mutxamel.org\/ca\/#\/schema\/person\/d1f50c20035a7b1ec39d6c100cde2178"},"headline":"Descobrix Mutxamel al febrer i mar\u00e7 de 2026","datePublished":"2026-02-02T10:40:43+00:00","dateModified":"2026-04-26T01:02:59+00:00","mainEntityOfPage":{"@id":"https:\/\/turisme.mutxamel.org\/ca\/descobrix-mutxamel-al-febrer-i-marc-de-2026\/"},"wordCount":206,"publisher":{"@id":"https:\/\/turisme.mutxamel.org\/ca\/#organization"},"image":{"@id":"https:\/\/turisme.mutxamel.org\/ca\/descobrix-mutxamel-al-febrer-i-marc-de-2026\/#primaryimage"},"thumbnailUrl":"https:\/\/turisme.mutxamel.org\/wp-content\/uploads\/2023\/11\/ESP-Cartel-Mutxamel-Febrero-Marzo-2026-1-scaled-2.jpg","articleSection":["Turismo"],"inLanguage":"ca"},{"@type":"WebPage","@id":"https:\/\/turisme.mutxamel.org\/ca\/descobrix-mutxamel-al-febrer-i-marc-de-2026\/","url":"https:\/\/turisme.mutxamel.org\/ca\/descobrix-mutxamel-al-febrer-i-marc-de-2026\/","name":"Descobrix Mutxamel al febrer i mar\u00e7 de 2026 - Turismo Mutxamel","isPartOf":{"@id":"https:\/\/turisme.mutxamel.org\/ca\/#website"},"primaryImageOfPage":{"@id":"https:\/\/turisme.mutxamel.org\/ca\/descobrix-mutxamel-al-febrer-i-marc-de-2026\/#primaryimage"},"image":{"@id":"https:\/\/turisme.mutxamel.org\/ca\/descobrix-mutxamel-al-febrer-i-marc-de-2026\/#primaryimage"},"thumbnailUrl":"https:\/\/turisme.mutxamel.org\/wp-content\/uploads\/2023\/11\/ESP-Cartel-Mutxamel-Febrero-Marzo-2026-1-scaled-2.jpg","datePublished":"2026-02-02T10:40:43+00:00","dateModified":"2026-04-26T01:02:59+00:00","breadcrumb":{"@id":"https:\/\/turisme.mutxamel.org\/ca\/descobrix-mutxamel-al-febrer-i-marc-de-2026\/#breadcrumb"},"inLanguage":"ca","potentialAction":[{"@type":"ReadAction","target":["https:\/\/turisme.mutxamel.org\/ca\/descobrix-mutxamel-al-febrer-i-marc-de-2026\/"]}]},{"@type":"ImageObject","inLanguage":"ca","@id":"https:\/\/turisme.mutxamel.org\/ca\/descobrix-mutxamel-al-febrer-i-marc-de-2026\/#primaryimage","url":"https:\/\/turisme.mutxamel.org\/wp-content\/uploads\/2023\/11\/ESP-Cartel-Mutxamel-Febrero-Marzo-2026-1-scaled-2.jpg","contentUrl":"https:\/\/turisme.mutxamel.org\/wp-content\/uploads\/2023\/11\/ESP-Cartel-Mutxamel-Febrero-Marzo-2026-1-scaled-2.jpg","width":1357,"height":1920},{"@type":"BreadcrumbList","@id":"https:\/\/turisme.mutxamel.org\/ca\/descobrix-mutxamel-al-febrer-i-marc-de-2026\/#breadcrumb","itemListElement":[{"@type":"ListItem","position":1,"name":"Portada","item":"https:\/\/turisme.mutxamel.org\/ca\/inicio\/"},{"@type":"ListItem","position":2,"name":"Descobrix Mutxamel al febrer i mar\u00e7 de 2026"}]},{"@type":"WebSite","@id":"https:\/\/turisme.mutxamel.org\/ca\/#website","url":"https:\/\/turisme.mutxamel.org\/ca\/","name":"Turismo Mutxamel","description":"","publisher":{"@id":"https:\/\/turisme.mutxamel.org\/ca\/#organization"},"potentialAction":[{"@type":"SearchAction","target":{"@type":"EntryPoint","urlTemplate":"https:\/\/turisme.mutxamel.org\/ca\/?s={search_term_string}"},"query-input":{"@type":"PropertyValueSpecification","valueRequired":true,"valueName":"search_term_string"}}],"inLanguage":"ca"},{"@type":"Organization","@id":"https:\/\/turisme.mutxamel.org\/ca\/#organization","name":"Turismo Mutxamel","url":"https:\/\/turisme.mutxamel.org\/ca\/","logo":{"@type":"ImageObject","inLanguage":"ca","@id":"https:\/\/turisme.mutxamel.org\/ca\/#\/schema\/logo\/image\/","url":"https:\/\/turisme.mutxamel.org\/wp-content\/uploads\/2024\/01\/logo-turismo-mutxamel.jpg","contentUrl":"https:\/\/turisme.mutxamel.org\/wp-content\/uploads\/2024\/01\/logo-turismo-mutxamel.jpg","width":195,"height":81,"caption":"Turismo Mutxamel"},"image":{"@id":"https:\/\/turisme.mutxamel.org\/ca\/#\/schema\/logo\/image\/"},"sameAs":["https:\/\/www.facebook.com\/mutxamelturismo","https:\/\/www.instagram.com\/mutxamelturismo\/","https:\/\/www.youtube.com\/aytomutxamel"]},{"@type":"Person","@id":"https:\/\/turisme.mutxamel.org\/ca\/#\/schema\/person\/d1f50c20035a7b1ec39d6c100cde2178","name":"Ayuntamiento Mutxamel","url":"https:\/\/turisme.mutxamel.org\/ca\/author\/ayuntamiento-mutxamel\/"}]}},"_links":{"self":[{"href":"https:\/\/turisme.mutxamel.org\/ca\/wp-json\/wp\/v2\/posts\/17066","targetHints":{"allow":["GET"]}}],"collection":[{"href":"https:\/\/turisme.mutxamel.org\/ca\/wp-json\/wp\/v2\/posts"}],"about":[{"href":"https:\/\/turisme.mutxamel.org\/ca\/wp-json\/wp\/v2\/types\/post"}],"author":[{"embeddable":true,"href":"https:\/\/turisme.mutxamel.org\/ca\/wp-json\/wp\/v2\/users\/5"}],"replies":[{"embeddable":true,"href":"https:\/\/turisme.mutxamel.org\/ca\/wp-json\/wp\/v2\/comments?post=17066"}],"version-history":[{"count":1,"href":"https:\/\/turisme.mutxamel.org\/ca\/wp-json\/wp\/v2\/posts\/17066\/revisions"}],"predecessor-version":[{"id":17070,"href":"https:\/\/turisme.mutxamel.org\/ca\/wp-json\/wp\/v2\/posts\/17066\/revisions\/17070"}],"wp:featuredmedia":[{"embeddable":true,"href":"https:\/\/turisme.mutxamel.org\/ca\/wp-json\/wp\/v2\/media\/17067"}],"wp:attachment":[{"href":"https:\/\/turisme.mutxamel.org\/ca\/wp-json\/wp\/v2\/media?parent=17066"}],"wp:term":[{"taxonomy":"category","embeddable":true,"href":"https:\/\/turisme.mutxamel.org\/ca\/wp-json\/wp\/v2\/categories?post=17066"},{"taxonomy":"post_tag","embeddable":true,"href":"https:\/\/turisme.mutxamel.org\/ca\/wp-json\/wp\/v2\/tags?post=17066"}],"curies":[{"name":"wp","href":"https:\/\/api.w.org\/{rel}","templated":true}]}}